{"id":32884,"count":6,"description":"Vinya Salceda \u00e9s un celler de La Rioja Alavesa ubicat a la poblaci\u00f3 del Ciego. Els seus or\u00edgens \u00e9s remunten l'any 1969, sent un celler amb una hist\u00f2ria relativament moderna. La seva filosofia consisteix en aconseguir un equilibri entre la t\u00e8cnica i la tradici\u00f3. En Vinya Salceda treballen des d'una visi\u00f3 global de la vinya i donen especial import\u00e0ncia a la varietat Tempranillo. Els seus vins s\u00f3n vins tecnol\u00f2gics, per\u00f2 que alhora expressen territori.\nA m\u00e9s treballen les vinyes en agricultura integrada, intentant preservar la riquesa biol\u00f2gica i fent-la servir a favor seu per comptar amb una protecci\u00f3 i nutrici\u00f3 natural per les vinyes. En definitiva un celler.\n\n","link":"https:\/\/monlacata.cetrexmarketing.com\/ca\/brand\/ca-viasalceda-ca\/","name":"Vi\u00f1a Salceda","slug":"ca-viasalceda-ca","taxonomy":"pwb-brand","parent":0,"meta":[],"acf":[],"yoast_head":"\nVi\u00f1a Salceda - M\u00f3n La Cata<\/title>\n<meta name=\"robots\" content=\"noindex, follow, max-snippet:-1, max-image-preview:large, max-video-preview:-1\" \/>\n<meta property=\"og:locale\" content=\"ca_ES\" \/>\n<meta property=\"og:type\" content=\"article\" \/>\n<meta property=\"og:title\" content=\"Vi\u00f1a Salceda archivos\" \/>\n<meta property=\"og:description\" content=\"Vinya Salceda \u00e9s un celler de La Rioja Alavesa ubicat a la poblaci\u00f3 del Ciego. Els seus or\u00edgens \u00e9s remunten l’any 1969, sent un celler amb una hist\u00f2ria relativament moderna. La seva filosofia consisteix en aconseguir un equilibri entre la t\u00e8cnica i la tradici\u00f3. En Vinya Salceda treballen des d’una visi\u00f3 global de la vinya i donen especial import\u00e0ncia a la varietat Tempranillo. Els seus vins s\u00f3n vins tecnol\u00f2gics, per\u00f2 que alhora expressen territori. A m\u00e9s treballen les vinyes en agricultura integrada, intentant preservar la riquesa biol\u00f2gica i fent-la servir a favor seu per comptar amb una protecci\u00f3 i nutrici\u00f3 natural per les vinyes. En definitiva un celler.\" \/>\n<meta property=\"og:url\" content=\"https:\/\/monlacata.cetrexmarketing.com\/brand\/ca-viasalceda-ca\/\" \/>\n<meta property=\"og:site_name\" content=\"M\u00f3n La Cata\" \/>\n<meta name=\"twitter:card\" content=\"summary_large_image\" \/>\n<script type=\"application\/ld+json\" class=\"yoast-schema-graph\">{\"@context\":\"https:\/\/schema.org\",\"@graph\":[{\"@type\":\"CollectionPage\",\"@id\":\"https:\/\/monlacata.cetrexmarketing.com\/brand\/ca-viasalceda-ca\/\",\"url\":\"https:\/\/monlacata.cetrexmarketing.com\/brand\/ca-viasalceda-ca\/\",\"name\":\"Vi\u00f1a Salceda - M\u00f3n La Cata\",\"isPartOf\":{\"@id\":\"https:\/\/monlacata.cetrexmarketing.com\/#website\"},\"breadcrumb\":{\"@id\":\"https:\/\/monlacata.cetrexmarketing.com\/brand\/ca-viasalceda-ca\/#breadcrumb\"},\"inLanguage\":\"ca\"},{\"@type\":\"BreadcrumbList\",\"@id\":\"https:\/\/monlacata.cetrexmarketing.com\/brand\/ca-viasalceda-ca\/#breadcrumb\",\"itemListElement\":[{\"@type\":\"ListItem\",\"position\":1,\"name\":\"Home\",\"item\":\"https:\/\/monlacata.cetrexmarketing.com\/ca\/\"},{\"@type\":\"ListItem\",\"position\":2,\"name\":\"Vi\u00f1a Salceda\"}]},{\"@type\":\"WebSite\",\"@id\":\"https:\/\/monlacata.cetrexmarketing.com\/#website\",\"url\":\"https:\/\/monlacata.cetrexmarketing.com\/\",\"name\":\"M\u00f3n La Cata\",\"description\":\"Tienda de vinos, licores, cervezas y gourmet\",\"publisher\":{\"@id\":\"https:\/\/monlacata.cetrexmarketing.com\/#organization\"},\"potentialAction\":[{\"@type\":\"SearchAction\",\"target\":{\"@type\":\"EntryPoint\",\"urlTemplate\":\"https:\/\/monlacata.cetrexmarketing.com\/?s={search_term_string}\"},\"query-input\":{\"@type\":\"PropertyValueSpecification\",\"valueRequired\":true,\"valueName\":\"search_term_string\"}}],\"inLanguage\":\"ca\"},{\"@type\":\"Organization\",\"@id\":\"https:\/\/monlacata.cetrexmarketing.com\/#organization\",\"name\":\"M\u00f3n La Cata\",\"url\":\"https:\/\/monlacata.cetrexmarketing.com\/\",\"logo\":{\"@type\":\"ImageObject\",\"inLanguage\":\"ca\",\"@id\":\"https:\/\/monlacata.cetrexmarketing.com\/#\/schema\/logo\/image\/\",\"url\":\"https:\/\/monlacata.cetrexmarketing.com\/wp-content\/uploads\/2024\/02\/monlacata-logo-blanc.png\",\"contentUrl\":\"https:\/\/monlacata.cetrexmarketing.com\/wp-content\/uploads\/2024\/02\/monlacata-logo-blanc.png\",\"width\":454,\"height\":193,\"caption\":\"M\u00f3n La Cata\"},\"image\":{\"@id\":\"https:\/\/monlacata.cetrexmarketing.com\/#\/schema\/logo\/image\/\"}}]}<\/script>\n<!-- \/ Yoast SEO Premium plugin. -->","yoast_head_json":{"title":"Vi\u00f1a Salceda - M\u00f3n La Cata","robots":{"index":"noindex","follow":"follow","max-snippet":"max-snippet:-1","max-image-preview":"max-image-preview:large","max-video-preview":"max-video-preview:-1"},"og_locale":"ca_ES","og_type":"article","og_title":"Vi\u00f1a Salceda archivos","og_description":"Vinya Salceda \u00e9s un celler de La Rioja Alavesa ubicat a la poblaci\u00f3 del Ciego. Els seus or\u00edgens \u00e9s remunten l’any 1969, sent un celler amb una hist\u00f2ria relativament moderna. La seva filosofia consisteix en aconseguir un equilibri entre la t\u00e8cnica i la tradici\u00f3. En Vinya Salceda treballen des d’una visi\u00f3 global de la vinya i donen especial import\u00e0ncia a la varietat Tempranillo. Els seus vins s\u00f3n vins tecnol\u00f2gics, per\u00f2 que alhora expressen territori. A m\u00e9s treballen les vinyes en agricultura integrada, intentant preservar la riquesa biol\u00f2gica i fent-la servir a favor seu per comptar amb una protecci\u00f3 i nutrici\u00f3 natural per les vinyes. En definitiva un celler.","og_url":"https:\/\/monlacata.cetrexmarketing.com\/brand\/ca-viasalceda-ca\/","og_site_name":"M\u00f3n La Cata","twitter_card":"summary_large_image","schema":{"@context":"https:\/\/schema.org","@graph":[{"@type":"CollectionPage","@id":"https:\/\/monlacata.cetrexmarketing.com\/brand\/ca-viasalceda-ca\/","url":"https:\/\/monlacata.cetrexmarketing.com\/brand\/ca-viasalceda-ca\/","name":"Vi\u00f1a Salceda - M\u00f3n La Cata","isPartOf":{"@id":"https:\/\/monlacata.cetrexmarketing.com\/#website"},"breadcrumb":{"@id":"https:\/\/monlacata.cetrexmarketing.com\/brand\/ca-viasalceda-ca\/#breadcrumb"},"inLanguage":"ca"},{"@type":"BreadcrumbList","@id":"https:\/\/monlacata.cetrexmarketing.com\/brand\/ca-viasalceda-ca\/#breadcrumb","itemListElement":[{"@type":"ListItem","position":1,"name":"Home","item":"https:\/\/monlacata.cetrexmarketing.com\/ca\/"},{"@type":"ListItem","position":2,"name":"Vi\u00f1a Salceda"}]},{"@type":"WebSite","@id":"https:\/\/monlacata.cetrexmarketing.com\/#website","url":"https:\/\/monlacata.cetrexmarketing.com\/","name":"M\u00f3n La Cata","description":"Tienda de vinos, licores, cervezas y gourmet","publisher":{"@id":"https:\/\/monlacata.cetrexmarketing.com\/#organization"},"potentialAction":[{"@type":"SearchAction","target":{"@type":"EntryPoint","urlTemplate":"https:\/\/monlacata.cetrexmarketing.com\/?s={search_term_string}"},"query-input":{"@type":"PropertyValueSpecification","valueRequired":true,"valueName":"search_term_string"}}],"inLanguage":"ca"},{"@type":"Organization","@id":"https:\/\/monlacata.cetrexmarketing.com\/#organization","name":"M\u00f3n La Cata","url":"https:\/\/monlacata.cetrexmarketing.com\/","logo":{"@type":"ImageObject","inLanguage":"ca","@id":"https:\/\/monlacata.cetrexmarketing.com\/#\/schema\/logo\/image\/","url":"https:\/\/monlacata.cetrexmarketing.com\/wp-content\/uploads\/2024\/02\/monlacata-logo-blanc.png","contentUrl":"https:\/\/monlacata.cetrexmarketing.com\/wp-content\/uploads\/2024\/02\/monlacata-logo-blanc.png","width":454,"height":193,"caption":"M\u00f3n La Cata"},"image":{"@id":"https:\/\/monlacata.cetrexmarketing.com\/#\/schema\/logo\/image\/"}}]}},"_links":{"self":[{"href":"https:\/\/monlacata.cetrexmarketing.com\/ca\/wp-json\/wp\/v2\/pwb-brand\/32884","targetHints":{"allow":["GET"]}}],"collection":[{"href":"https:\/\/monlacata.cetrexmarketing.com\/ca\/wp-json\/wp\/v2\/pwb-brand"}],"about":[{"href":"https:\/\/monlacata.cetrexmarketing.com\/ca\/wp-json\/wp\/v2\/taxonomies\/pwb-brand"}],"wp:post_type":[{"href":"https:\/\/monlacata.cetrexmarketing.com\/ca\/wp-json\/wp\/v2\/product?pwb-brand=32884"}],"curies":[{"name":"wp","href":"https:\/\/api.w.org\/{rel}","templated":true}]}}